{"id":1232,"date":"2019-11-05T13:18:20","date_gmt":"2019-11-05T13:18:20","guid":{"rendered":"http:\/\/www.cmfp1.edu.ar\/?p=1232"},"modified":"2019-11-05T13:30:12","modified_gmt":"2019-11-05T13:30:12","slug":"jornada-de-capacitacion-en-primeros-auxilios","status":"publish","type":"post","link":"https:\/\/www.cmfp1.edu.ar\/?p=1232","title":{"rendered":"JORNADA DE CAPACITACI\u00d3N EN PRIMEROS AUXILIOS"},"content":{"rendered":"<p><a href=\"http:\/\/proyectoescuela.esy.es\/wp-content\/uploads\/2019\/11\/4e3f8073-f82a-4e7d-bfb0-5cc8de57c0b1-1.jpg\"><img loading=\"lazy\" decoding=\"async\" class=\"alignnone size-medium wp-image-1234\" src=\"http:\/\/proyectoescuela.esy.es\/wp-content\/uploads\/2019\/11\/4e3f8073-f82a-4e7d-bfb0-5cc8de57c0b1-1-300x300.jpg\" alt=\"\" width=\"300\" height=\"300\" srcset=\"https:\/\/www.proyectoescuela.esy.es\/wp-content\/uploads\/2019\/11\/4e3f8073-f82a-4e7d-bfb0-5cc8de57c0b1-1-300x300.jpg 300w, https:\/\/www.proyectoescuela.esy.es\/wp-content\/uploads\/2019\/11\/4e3f8073-f82a-4e7d-bfb0-5cc8de57c0b1-1-150x150.jpg 150w, https:\/\/www.proyectoescuela.esy.es\/wp-content\/uploads\/2019\/11\/4e3f8073-f82a-4e7d-bfb0-5cc8de57c0b1-1-1024x1024.jpg 1024w\" sizes=\"auto, (max-width: 300px) 100vw, 300px\" \/><\/a><a href=\"http:\/\/proyectoescuela.esy.es\/wp-content\/uploads\/2019\/11\/2a92ec97-961e-45f3-97c2-15f61648216e.jpg\"><img loading=\"lazy\" decoding=\"async\" class=\"alignnone size-medium wp-image-1240\" src=\"http:\/\/proyectoescuela.esy.es\/wp-content\/uploads\/2019\/11\/2a92ec97-961e-45f3-97c2-15f61648216e-300x300.jpg\" alt=\"\" width=\"300\" height=\"300\" srcset=\"https:\/\/www.proyectoescuela.esy.es\/wp-content\/uploads\/2019\/11\/2a92ec97-961e-45f3-97c2-15f61648216e-300x300.jpg 300w, https:\/\/www.proyectoescuela.esy.es\/wp-content\/uploads\/2019\/11\/2a92ec97-961e-45f3-97c2-15f61648216e-150x150.jpg 150w, https:\/\/www.proyectoescuela.esy.es\/wp-content\/uploads\/2019\/11\/2a92ec97-961e-45f3-97c2-15f61648216e-1024x1024.jpg 1024w\" sizes=\"auto, (max-width: 300px) 100vw, 300px\" \/><\/a><a href=\"http:\/\/proyectoescuela.esy.es\/wp-content\/uploads\/2019\/11\/4e3f8073-f82a-4e7d-bfb0-5cc8de57c0b1-1.jpg\"><\/a><a href=\"http:\/\/proyectoescuela.esy.es\/wp-content\/uploads\/2019\/11\/695a47db-2620-470a-bf70-b0e26b167872.jpg\"><img loading=\"lazy\" decoding=\"async\" class=\"alignnone size-medium wp-image-1241\" src=\"http:\/\/proyectoescuela.esy.es\/wp-content\/uploads\/2019\/11\/695a47db-2620-470a-bf70-b0e26b167872-300x300.jpg\" alt=\"\" width=\"300\" height=\"300\" srcset=\"https:\/\/www.proyectoescuela.esy.es\/wp-content\/uploads\/2019\/11\/695a47db-2620-470a-bf70-b0e26b167872-300x300.jpg 300w, https:\/\/www.proyectoescuela.esy.es\/wp-content\/uploads\/2019\/11\/695a47db-2620-470a-bf70-b0e26b167872-150x150.jpg 150w, https:\/\/www.proyectoescuela.esy.es\/wp-content\/uploads\/2019\/11\/695a47db-2620-470a-bf70-b0e26b167872-1024x1024.jpg 1024w\" sizes=\"auto, (max-width: 300px) 100vw, 300px\" \/><\/a><a href=\"http:\/\/proyectoescuela.esy.es\/wp-content\/uploads\/2019\/11\/0377de12-853f-40a4-bc75-4608556ce12b.jpg\"><img loading=\"lazy\" decoding=\"async\" class=\"alignnone size-medium wp-image-1239\" src=\"http:\/\/proyectoescuela.esy.es\/wp-content\/uploads\/2019\/11\/0377de12-853f-40a4-bc75-4608556ce12b-300x300.jpg\" alt=\"\" width=\"300\" height=\"300\" srcset=\"https:\/\/www.proyectoescuela.esy.es\/wp-content\/uploads\/2019\/11\/0377de12-853f-40a4-bc75-4608556ce12b-300x300.jpg 300w, https:\/\/www.proyectoescuela.esy.es\/wp-content\/uploads\/2019\/11\/0377de12-853f-40a4-bc75-4608556ce12b-150x150.jpg 150w, https:\/\/www.proyectoescuela.esy.es\/wp-content\/uploads\/2019\/11\/0377de12-853f-40a4-bc75-4608556ce12b-1024x1024.jpg 1024w\" sizes=\"auto, (max-width: 300px) 100vw, 300px\" \/><\/a><\/p>\n<p><span style=\"font-size: 14pt;\"><strong>Los alumnos de Auxiliar Odontol\u00f3gico y Cosmetolog\u00eda asistieron a la jornada de capacitaci\u00f3n en primeros auxilios en consultorio. Son conocimientos indispensables en el \u00e1rea de salud.\u00a0 \u00a0 \u00a0 \u00a0 \u00a0 \u00a0 \u00a0 \u00a0 \u00a0 \u00a0 \u00a0 \u00a0 \u00a0 \u00a0 \u00a0 \u00a0 \u00a0 \u00a0 \u00a0 \u00a0 \u00a0 \u00a0 \u00a0 \u00a0 \u00a0 \u00a0 \u00a0 \u00a0 \u00a0 \u00a0 \u00a0 \u00a0 \u00a0 \u00a0 \u00a0 \u00a0 \u00a0 \u00a0 \u00a0 \u00a0 \u00a0 \u00a0 \u00a0 \u00a0 \u00a0 \u00a0 \u00a0 \u00a0 \u00a0 \u00a0 \u00a0 \u00a0 \u00a0 \u00a0 \u00a0 \u00a0 \u00a0 \u00a0 <\/strong><\/span><span style=\"font-size: 14pt;\"><strong>Agradecemos a la Doctora Pinkava Natalia por compartir sus conocimientos.<\/strong><\/span><\/p>\n","protected":false},"excerpt":{"rendered":"<p>Los alumnos de Auxiliar Odontol\u00f3gico y Cosmetolog\u00eda asistieron a la jornada de capacitaci\u00f3n en primeros auxilios en consultorio. Son conocimientos indispensables en el \u00e1rea de salud.\u00a0 \u00a0 \u00a0 \u00a0 \u00a0 \u00a0 \u00a0 \u00a0 \u00a0 \u00a0 \u00a0 \u00a0 \u00a0 \u00a0 \u00a0 \u00a0 \u00a0 \u00a0 \u00a0 \u00a0 \u00a0 \u00a0 \u00a0 \u00a0 \u00a0 \u00a0 \u00a0 \u00a0 \u00a0 \u00a0<\/p>\n","protected":false},"author":8,"featured_media":1233,"comment_status":"closed","ping_status":"closed","sticky":false,"template":"","format":"standard","meta":{"footnotes":""},"categories":[1],"tags":[],"class_list":["post-1232","post","type-post","status-publish","format-standard","has-post-thumbnail","hentry","category-uncategorized"],"_links":{"self":[{"href":"https:\/\/www.cmfp1.edu.ar\/index.php?rest_route=\/wp\/v2\/posts\/1232","targetHints":{"allow":["GET"]}}],"collection":[{"href":"https:\/\/www.cmfp1.edu.ar\/index.php?rest_route=\/wp\/v2\/posts"}],"about":[{"href":"https:\/\/www.cmfp1.edu.ar\/index.php?rest_route=\/wp\/v2\/types\/post"}],"author":[{"embeddable":true,"href":"https:\/\/www.cmfp1.edu.ar\/index.php?rest_route=\/wp\/v2\/users\/8"}],"replies":[{"embeddable":true,"href":"https:\/\/www.cmfp1.edu.ar\/index.php?rest_route=%2Fwp%2Fv2%2Fcomments&post=1232"}],"version-history":[{"count":4,"href":"https:\/\/www.cmfp1.edu.ar\/index.php?rest_route=\/wp\/v2\/posts\/1232\/revisions"}],"predecessor-version":[{"id":1242,"href":"https:\/\/www.cmfp1.edu.ar\/index.php?rest_route=\/wp\/v2\/posts\/1232\/revisions\/1242"}],"wp:featuredmedia":[{"embeddable":true,"href":"https:\/\/www.cmfp1.edu.ar\/index.php?rest_route=\/wp\/v2\/media\/1233"}],"wp:attachment":[{"href":"https:\/\/www.cmfp1.edu.ar\/index.php?rest_route=%2Fwp%2Fv2%2Fmedia&parent=1232"}],"wp:term":[{"taxonomy":"category","embeddable":true,"href":"https:\/\/www.cmfp1.edu.ar\/index.php?rest_route=%2Fwp%2Fv2%2Fcategories&post=1232"},{"taxonomy":"post_tag","embeddable":true,"href":"https:\/\/www.cmfp1.edu.ar\/index.php?rest_route=%2Fwp%2Fv2%2Ftags&post=1232"}],"curies":[{"name":"wp","href":"https:\/\/api.w.org\/{rel}","templated":true}]}}